{"id":823,"date":"2023-08-10T12:40:08","date_gmt":"2023-08-10T11:40:08","guid":{"rendered":"https:\/\/www.defiendetupueblo.es\/?p=823"},"modified":"2023-08-10T12:43:15","modified_gmt":"2023-08-10T11:43:15","slug":"renovalia-amenaza-con-macroplantas-por-las-buenas-o-por-las-malas","status":"publish","type":"post","link":"https:\/\/www.defiendetupueblo.es\/index.php\/2023\/08\/10\/renovalia-amenaza-con-macroplantas-por-las-buenas-o-por-las-malas\/","title":{"rendered":"Renovalia amenaza con &#8220;macroplantas por las buenas o por las malas&#8221;"},"content":{"rendered":"<p>[et_pb_section fb_built=&#8221;1&#8243; admin_label=&#8221;section&#8221; _builder_version=&#8221;4.18.0&#8243; background_color=&#8221;RGBA(255,255,255,0)&#8221; width=&#8221;100%&#8221; max_width=&#8221;100%&#8221; module_alignment=&#8221;center&#8221; custom_margin=&#8221;|||0px|false|false&#8221; global_colors_info=&#8221;{}&#8221; theme_builder_area=&#8221;post_content&#8221;][et_pb_row admin_label=&#8221;row&#8221; _builder_version=&#8221;4.18.0&#8243; background_size=&#8221;initial&#8221; background_position=&#8221;top_left&#8221; background_repeat=&#8221;repeat&#8221; module_alignment=&#8221;center&#8221; custom_margin=&#8221;-50px|auto||390px|false|false&#8221; custom_padding=&#8221;7px|||||&#8221; global_colors_info=&#8221;{}&#8221; theme_builder_area=&#8221;post_content&#8221;][et_pb_column type=&#8221;4_4&#8243; _builder_version=&#8221;4.16&#8243; custom_padding=&#8221;|||&#8221; global_colors_info=&#8221;{}&#8221; custom_padding__hover=&#8221;|||&#8221; theme_builder_area=&#8221;post_content&#8221;][et_pb_post_title _builder_version=&#8221;4.18.0&#8243; _module_preset=&#8221;default&#8221; hover_enabled=&#8221;0&#8243; global_colors_info=&#8221;{}&#8221; theme_builder_area=&#8221;post_content&#8221; author=&#8221;off&#8221; comments=&#8221;off&#8221; title_text_align=&#8221;left&#8221; custom_padding=&#8221;||20px||false|false&#8221; sticky_enabled=&#8221;0&#8243;][\/et_pb_post_title][et_pb_text _builder_version=&#8221;4.18.0&#8243; _module_preset=&#8221;default&#8221; text_text_color=&#8221;#000000&#8243; text_font_size=&#8221;19px&#8221; header_2_font=&#8221;|800|||||||&#8221; header_2_text_color=&#8221;#064E6B&#8221; global_colors_info=&#8221;{}&#8221; theme_builder_area=&#8221;post_content&#8221;]<\/p>\n<p>El Lunes 7 de Agosto de 2023 en un intento de llegar a acuerdos con las asociaciones agrarias, Renovalia recurri\u00f3 a sus trucos sucios habituales yendo directamente al Ayuntamiento de Villar Del Arzobispo para defender su caso e impulsar sus proyectos a puerta cerrada.<\/p>\n<p>Renovalia dijo que quer\u00eda trabajar con la Cooperativa y las comunidades de Regantes &#8220;en el futuro&#8221;, pero que los proyectos aprobados &#8220;no eran negociables&#8221;.<\/p>\n<p>Su director \ufb01nanciero dej\u00f3 claro que no se detendr\u00edan ante nada para imponer sus proyectos, ya sea con acuerdos o con juicios. Este es un patr\u00f3n de comportamiento intimidatorio que han exhibido en todo el mundo en su b\u00fasqueda de lucrativos beneficios econ\u00f3micos sin importar la opini\u00f3n de la gente local y de su entorno.<\/p>\n<p>Las megacentrales fotovoltaicas no har\u00e1n nada por las comunidades locales, ya que sobre el papel es imposible trasladar esas propuestas ut\u00f3picas que hizo Renovalia, como por ejemplo trasladar el regad\u00edo a zona de secano.<\/p>\n<p>Las macroplantas fotovoltaicas planteadas por Renovalia propiciar\u00e1n la desaparici\u00f3n de las comunidades de regantes afectadas, ya que al reducir las parcelas usuarias de las infraestructuras de regad\u00edo se reduce el consumo de agua y por consiguiente la viabilidad de la asociaci\u00f3n regante al no cumplir las tasas de consumo acordadas con la Confederaci\u00f3n hidrogr\u00e1fica del J\u00facar.<\/p>\n<p>Las promesas de empleo son s\u00f3lo a corto plazo y nunca para la poblaci\u00f3n local. Las macroplantas una vez construidas ser\u00e1n totalmente aut\u00f3nomas.<\/p>\n<p>Las promesas de &#8220;energ\u00eda m\u00e1s barata&#8221; no ayudar\u00e1n a la gente que no tiene conexi\u00f3n a la red y de todas formas no existe ning\u00fan documento que acredite ese compromiso, no hay ninguna intenci\u00f3n formal.<\/p>\n<p>Defiende Tu Pueblo cree en un futuro sostenible y se preocupa por los intereses de las comunidades locales ya que si que son verdaderas creadoras de empleo fijo y suministran servicios tanto a agricultores como a habitantes del pueblo creando una red estable de empleo y riqueza econ\u00f3mica y alimentaria local.<\/p>\n<p>Las peque\u00f1as instalaciones locales o particulares de autoconsumo son excelentes y la verdadera transici\u00f3n energ\u00e9tica debe ser entendida de ese modo, pero el oligopolio que tienen montado las empresas energ\u00e9ticas lo impiden poniendo trabas de acceso a la red a las comunidades energ\u00e9ticas locales. El gobierno y los ayuntamientos deber\u00edan favorecer y promover a los particulares y a las empresas a autoabastecerse fomentando una transici\u00f3n energ\u00e9tica totalmente sostenible y generando la energ\u00eda donde se va a consumir, no llev\u00e1ndosela cientos de kil\u00f3metros a otro sitio con la consecuente p\u00e9rdida de energ\u00eda y gastos de recursos que conlleva ese transporte.<\/p>\n<p>Seguiremos trabajando para que la opini\u00f3n p\u00fablica conozca las t\u00e1cticas turbias de Renovalia, las amenazas &#8220;mafiosas&#8221; y presiones que han ejercido en la adquisici\u00f3n de terrenos y presionaremos a los ayuntamientos para que busquen opciones m\u00e1s sostenibles que no supongan la destrucci\u00f3n de terrenos productivos y la identidad de nuestro pueblo y nuestra comarca sacrificando m\u00e1s de 600.000 almendros, olivos y algarrobos para dar paso a la industria fotovoltaica m\u00e1s grande de Europa. <\/p>\n<p>[\/et_pb_text][et_pb_image src=&#8221;https:\/\/www.defiendetupueblo.es\/wp-content\/uploads\/2023\/08\/1800px__DSF5819.jpg&#8221; title_text=&#8221;1800px__DSF5819&#8243; _builder_version=&#8221;4.18.0&#8243; _module_preset=&#8221;default&#8221; global_colors_info=&#8221;{}&#8221; theme_builder_area=&#8221;post_content&#8221;][\/et_pb_image][\/et_pb_column][\/et_pb_row][\/et_pb_section]<\/p>\n","protected":false},"excerpt":{"rendered":"<p>El Lunes 7 de Agosto de 2023 en un intento de llegar a acuerdos con las asociaciones agrarias, Renovalia recurri\u00f3 a sus trucos sucios habituales yendo directamente al Ayuntamiento de Villar Del Arzobispo para defender su caso e impulsar sus proyectos a puerta cerrada. Renovalia dijo que quer\u00eda trabajar con la Cooperativa y las comunidades [&hellip;]<\/p>\n","protected":false},"author":2,"featured_media":824,"comment_status":"open","ping_status":"open","sticky":false,"template":"","format":"standard","meta":{"_et_pb_use_builder":"on","_et_pb_old_content":"","_et_gb_content_width":"","footnotes":""},"categories":[10],"tags":[],"class_list":["post-823","post","type-post","status-publish","format-standard","has-post-thumbnail","hentry","category-periodico"],"_links":{"self":[{"href":"https:\/\/www.defiendetupueblo.es\/index.php\/wp-json\/wp\/v2\/posts\/823","targetHints":{"allow":["GET"]}}],"collection":[{"href":"https:\/\/www.defiendetupueblo.es\/index.php\/wp-json\/wp\/v2\/posts"}],"about":[{"href":"https:\/\/www.defiendetupueblo.es\/index.php\/wp-json\/wp\/v2\/types\/post"}],"author":[{"embeddable":true,"href":"https:\/\/www.defiendetupueblo.es\/index.php\/wp-json\/wp\/v2\/users\/2"}],"replies":[{"embeddable":true,"href":"https:\/\/www.defiendetupueblo.es\/index.php\/wp-json\/wp\/v2\/comments?post=823"}],"version-history":[{"count":12,"href":"https:\/\/www.defiendetupueblo.es\/index.php\/wp-json\/wp\/v2\/posts\/823\/revisions"}],"predecessor-version":[{"id":843,"href":"https:\/\/www.defiendetupueblo.es\/index.php\/wp-json\/wp\/v2\/posts\/823\/revisions\/843"}],"wp:featuredmedia":[{"embeddable":true,"href":"https:\/\/www.defiendetupueblo.es\/index.php\/wp-json\/wp\/v2\/media\/824"}],"wp:attachment":[{"href":"https:\/\/www.defiendetupueblo.es\/index.php\/wp-json\/wp\/v2\/media?parent=823"}],"wp:term":[{"taxonomy":"category","embeddable":true,"href":"https:\/\/www.defiendetupueblo.es\/index.php\/wp-json\/wp\/v2\/categories?post=823"},{"taxonomy":"post_tag","embeddable":true,"href":"https:\/\/www.defiendetupueblo.es\/index.php\/wp-json\/wp\/v2\/tags?post=823"}],"curies":[{"name":"wp","href":"https:\/\/api.w.org\/{rel}","templated":true}]}}