{"id":564,"date":"2023-01-12T18:34:34","date_gmt":"2023-01-12T18:34:34","guid":{"rendered":"https:\/\/www.defiendetupueblo.es\/?p=564"},"modified":"2023-01-17T12:59:01","modified_gmt":"2023-01-17T12:59:01","slug":"manifestacion-renovables","status":"publish","type":"post","link":"https:\/\/www.defiendetupueblo.es\/index.php\/2023\/01\/12\/manifestacion-renovables\/","title":{"rendered":"Manifestaci\u00f3n Renovables S\u00ed pero no As\u00ed"},"content":{"rendered":"<p>[et_pb_section fb_built=&#8221;1&#8243; admin_label=&#8221;section&#8221; _builder_version=&#8221;4.18.0&#8243; background_color=&#8221;RGBA(255,255,255,0)&#8221; width=&#8221;100%&#8221; max_width=&#8221;100%&#8221; module_alignment=&#8221;center&#8221; custom_margin=&#8221;|||0px|false|false&#8221; global_colors_info=&#8221;{}&#8221; theme_builder_area=&#8221;post_content&#8221;][et_pb_row admin_label=&#8221;row&#8221; _builder_version=&#8221;4.18.0&#8243; background_size=&#8221;initial&#8221; background_position=&#8221;top_left&#8221; background_repeat=&#8221;repeat&#8221; module_alignment=&#8221;center&#8221; custom_margin=&#8221;-50px|auto||390px|false|false&#8221; custom_padding=&#8221;7px|||||&#8221; global_colors_info=&#8221;{}&#8221; theme_builder_area=&#8221;post_content&#8221;][et_pb_column type=&#8221;4_4&#8243; _builder_version=&#8221;4.16&#8243; custom_padding=&#8221;|||&#8221; global_colors_info=&#8221;{}&#8221; custom_padding__hover=&#8221;|||&#8221; theme_builder_area=&#8221;post_content&#8221;][et_pb_image src=&#8221;https:\/\/www.defiendetupueblo.es\/wp-content\/uploads\/2023\/01\/Manifestacion-Renovables-Si-pero-no-asi-con-logos-2023.jpg&#8221; title_text=&#8221;Manifestaci\u00f3n Renovables Si pero no asi con logos 2023&#8243; align=&#8221;center&#8221; admin_label=&#8221;Cartel Mani&#8221; _builder_version=&#8221;4.18.0&#8243; _module_preset=&#8221;default&#8221; background_color=&#8221;RGBA(255,255,255,0)&#8221; border_color_all=&#8221;#000000&#8243; global_colors_info=&#8221;{}&#8221; theme_builder_area=&#8221;post_content&#8221;][\/et_pb_image][et_pb_text _builder_version=&#8221;4.18.0&#8243; _module_preset=&#8221;default&#8221; text_text_color=&#8221;#000000&#8243; text_font_size=&#8221;16px&#8221; custom_padding=&#8221;30px|10px|30px|10px|true|true&#8221; hover_enabled=&#8221;0&#8243; global_colors_info=&#8221;{}&#8221; theme_builder_area=&#8221;post_content&#8221; sticky_enabled=&#8221;0&#8243;]<\/p>\n<p>Un autob\u00fas de 50 plazas parar\u00e1 en Villar del Arzobispo y Casinos.<\/p>\n<p>Autob\u00fas para la manifestaci\u00f3n en Valencia por una Ubicaci\u00f3n racional de las macro plantas solares<br \/>Precio por persona ida y vuelta &#8211; <strong>GRATIS<\/strong>.<br \/>El autob\u00fas nos dejar\u00e1 a pie de manifestaci\u00f3n y nos recoger\u00e1, al final de la misma, en Torres de Serranos.<br \/>Salida:<br \/>&#8211; Villar del Arzobiospo: 10:00 en el Colegio Fabi\u00e1n y Fuero<br \/>&#8211; Casinos: 10:15 en la Pla\u00e7a de Juan Rocher<\/p>\n<p><strong>Hay que reservar plaza: WhatsApp: 658 95 51 02<\/strong><\/p>\n<p><strong>En Villar: Oficina de la Comunidad de Regantes de La Hoya ( en horario de oficina: Martes, Mi\u00e9rcoles y Viernes de 9:00 a 14:00 y Jueves de 17:30 a 20:00)<br \/>En Casinos: \u00d3scar de Tendavenida<br \/><\/strong><\/p>\n<p>&nbsp;<\/p>\n<p>[\/et_pb_text][et_pb_text _builder_version=&#8221;4.18.0&#8243; _module_preset=&#8221;default&#8221; text_text_color=&#8221;#000000&#8243; text_font_size=&#8221;19px&#8221; header_2_font=&#8221;|800|||||||&#8221; header_2_text_color=&#8221;#064E6B&#8221; global_colors_info=&#8221;{}&#8221; theme_builder_area=&#8221;post_content&#8221;]<\/p>\n<h2>Ruta de Manifestaci\u00f3n:<\/h2>\n<p><strong>Hora de inicio: 12:00<\/strong><br \/>1 Calle Palacio de Justicia<br \/>2 Calle Col\u00f3n<br \/>3 Calle Roger de Lauria<br \/>4 Plaza de Ayuntamiento<br \/>5 Calle San Vicente<br \/>6 Plaza de la Reina<br \/>7 Carrer del Micalet<br \/>8 Plaza de la Virgen<\/p>\n<p>[\/et_pb_text][et_pb_text admin_label=&#8221;Text mani&#8221; _builder_version=&#8221;4.18.0&#8243; _module_preset=&#8221;default&#8221; text_text_color=&#8221;#000000&#8243; text_font_size=&#8221;18px&#8221; header_text_color=&#8221;#000000&#8243; header_2_font=&#8221;|800||on|||||&#8221; header_2_text_align=&#8221;center&#8221; header_2_text_color=&#8221;#000000&#8243; header_2_font_size=&#8221;27px&#8221; header_2_line_height=&#8221;1.5em&#8221; custom_padding=&#8221;40px|40px|40px|40px|true|true&#8221; border_width_all=&#8221;5px&#8221; border_color_all=&#8221;#E02B20&#8243; global_colors_info=&#8221;{}&#8221; theme_builder_area=&#8221;post_content&#8221;]<\/p>\n<h2>\u00a0<\/h2>\n<h2>\ud83d\udce2 Manifestaci\u00f3n<\/h2>\n<h2>Renovables S\u00ed pero no As\u00ed.<\/h2>\n<h2>Por un Mundo Rural Vivo<\/h2>\n<h2>\u00a0<\/h2>\n<p>La Coordinadora por la Ubicaci\u00f3n Racional de las Energ\u00edas Renovables convoca una manifestaci\u00f3n en Valencia el pr\u00f3ximo<\/p>\n<p><strong>S\u00e1bado 21 de enero de \ud83d\udd5b12:00 a 14:00.<\/strong><\/p>\n<p>\ud83d\udccd<strong>Salida del Palacio de Justica hasta la Plaza de la Virgen.<\/strong><\/p>\n<p>Se est\u00e1 impulsando un modelo de transici\u00f3n energ\u00e9tica \u26a1a las renovables sin participaci\u00f3n ciudadania sin respeto a las entidades locales, que destruye tierras agr\u00edcolas, arrasa con bosques y pone en peligro la biodiversidad.<\/p>\n<p>Empresas extranjeras y fondos de inversi\u00f3n especulan con las tierras del interior que son m\u00e1s baratas y amenazan sectores tan importantes como el agr\u00edcola y el turismo rural.<\/p>\n<p>El gobierno valenciano, el del Estado y la propia UE desregulan las legislaciones urban\u00edsticas y ambientales para facilitar los intereses de estas empresas.<\/p>\n<p>Instalemos renovables en zonas degradadas y techos! Hagamos la transici\u00f3n en beneficio del planeta y la ciudadania y no de los intereses econ\u00f3mico-empresariales! No permitamos que se destruya nuestro patrimonio!<\/p>\n<p>[\/et_pb_text][\/et_pb_column][\/et_pb_row][\/et_pb_section]<\/p>\n","protected":false},"excerpt":{"rendered":"<p>Un autob\u00fas de 50 plazas parar\u00e1 en Villar del Arzobispo y Casinos. Autob\u00fas para la manifestaci\u00f3n en Valencia por una Ubicaci\u00f3n racional de las macro plantas solaresPrecio por persona ida y vuelta &#8211; GRATIS.El autob\u00fas nos dejar\u00e1 a pie de manifestaci\u00f3n y nos recoger\u00e1, al final de la misma, en Torres de Serranos.Salida:- Villar del [&hellip;]<\/p>\n","protected":false},"author":2,"featured_media":31,"comment_status":"open","ping_status":"open","sticky":false,"template":"","format":"standard","meta":{"_et_pb_use_builder":"on","_et_pb_old_content":"","_et_gb_content_width":"","footnotes":""},"categories":[14],"tags":[],"class_list":["post-564","post","type-post","status-publish","format-standard","has-post-thumbnail","hentry","category-mani"],"_links":{"self":[{"href":"https:\/\/www.defiendetupueblo.es\/index.php\/wp-json\/wp\/v2\/posts\/564","targetHints":{"allow":["GET"]}}],"collection":[{"href":"https:\/\/www.defiendetupueblo.es\/index.php\/wp-json\/wp\/v2\/posts"}],"about":[{"href":"https:\/\/www.defiendetupueblo.es\/index.php\/wp-json\/wp\/v2\/types\/post"}],"author":[{"embeddable":true,"href":"https:\/\/www.defiendetupueblo.es\/index.php\/wp-json\/wp\/v2\/users\/2"}],"replies":[{"embeddable":true,"href":"https:\/\/www.defiendetupueblo.es\/index.php\/wp-json\/wp\/v2\/comments?post=564"}],"version-history":[{"count":48,"href":"https:\/\/www.defiendetupueblo.es\/index.php\/wp-json\/wp\/v2\/posts\/564\/revisions"}],"predecessor-version":[{"id":779,"href":"https:\/\/www.defiendetupueblo.es\/index.php\/wp-json\/wp\/v2\/posts\/564\/revisions\/779"}],"wp:featuredmedia":[{"embeddable":true,"href":"https:\/\/www.defiendetupueblo.es\/index.php\/wp-json\/wp\/v2\/media\/31"}],"wp:attachment":[{"href":"https:\/\/www.defiendetupueblo.es\/index.php\/wp-json\/wp\/v2\/media?parent=564"}],"wp:term":[{"taxonomy":"category","embeddable":true,"href":"https:\/\/www.defiendetupueblo.es\/index.php\/wp-json\/wp\/v2\/categories?post=564"},{"taxonomy":"post_tag","embeddable":true,"href":"https:\/\/www.defiendetupueblo.es\/index.php\/wp-json\/wp\/v2\/tags?post=564"}],"curies":[{"name":"wp","href":"https:\/\/api.w.org\/{rel}","templated":true}]}}